{"id":4841,"date":"2017-06-23T15:23:42","date_gmt":"2017-06-23T18:23:42","guid":{"rendered":"http:\/\/www.recoletacemetery.com\/?p=4841"},"modified":"2021-08-13T15:35:29","modified_gmt":"2021-08-13T13:35:29","slug":"526-alfonsin-vandalism","status":"publish","type":"post","link":"https:\/\/recoletacemetery.com\/?p=4841","title":{"rendered":"526. alfons\u00edn vandalism"},"content":{"rendered":"<p style=\"text-align: center;\"><img loading=\"lazy\" decoding=\"async\" class=\"size-full aligncenter\" src=\"https:\/\/recoletacemetery.com\/images\/Alfonsinvandal.jpg\" alt=\"Recoleta Cemetery, Buenos Aires, Ra\u00fal Alfsons\u00edn, vandalismo, Peronistas\" width=\"450\" height=\"304\" \/><\/p>\n<p style=\"text-align: justify;\">Sadly, two posts in a row deal with damage &amp; destruction inside Recoleta Cemetery. The tomb of former President <a href=\"http:\/\/www.recoletacemetery.com\/?p=948\">Ra\u00fal Alfons\u00edn<\/a> was spray painted on 05 Jun 2017 with the pro-Peronista symbol &#8220;PV&#8221;, <em>Per\u00f3n vuelve<\/em>. Alfon\u00edn passed away in Mar 2009 after a long battle with lung cancer &amp; was buried with much fanfare, fitting of someone so important in national history (for more info, see the 4-part <a href=\"http:\/\/www.recoletacemetery.com\/?p=701\">Death of a President<\/a> series). This method of showing political disagreement should never be considered acceptable.<\/p>\n<p style=\"text-align: center;\">&#8212;&#8212;&#8212;&#8212;&#8212;&#8212;&#8212;&#8212;&#8212;<\/p>\n<p style=\"text-align: justify;\">What follows is a translation of a press release from the T\u00e9lam news agency:<\/p>\n<p style=\"text-align: justify;\">National representative Ricardo Alfons\u00edn (of the Cambiemos-Uni\u00f3n C\u00edvica Radical party) today thanked those who called him concerning the vandalism of his father&#8217;s mausoleum located in Recoleta Cemetery &amp; confirmed that he would not accept any candidacy.<\/p>\n<p style=\"text-align: justify;\">After a reunion with Governor Mar\u00eda Eugenia Vidal, in which it was rumored that the leader of Buenos Aires province offered him a post, Alfons\u00edn reassured that &#8220;the meeting took place &amp; we talked about many things, both sides showed courtesy, kindness &amp; frankness&#8221;, but emphasized that he does not want &#8220;to be a candidate for an elected position, either in Argentina or in a foreign country&#8221;.<\/p>\n<p style=\"text-align: justify;\">In statements to T\u00e9lam Radio, Alfons\u00edn said that he received calls offering support after news of vandalism of the mausoleum of the deceased ex-President Ra\u00fal Alfons\u00edn had been made public.<\/p>\n<p style=\"text-align: justify;\">&#8220;In every country around the world there are powerful personalities with anti-democratic ideas who do this kind of thing, which we always must renounce regardless of who is the victim&#8221;, he affirmed.<\/p>\n<p style=\"text-align: justify;\">Among those who communicated with the Cambiemos representative are the Minister of Security, Patricia Bullrich; the head of the Federal System of Media &amp; Public Content, Hern\u00e1n Lombardi; the ex-President Cristina Fern\u00e1ndez de Kirchner; the ex-Minister of Transportation Florencio Randazzo; and the former head of the Cabinet An\u00edbal Fern\u00e1ndez, as well as &#8220;all members of the Radical political party&#8221;, the Governor of Santa Fe province &amp; the national head of the Socialist Party Antonio Bonfatti.<\/p>\n<p style=\"text-align: justify;\">In this context, Alfons\u00edn complained that the during the period of government under Cambiemos, the UCR party had maintained &#8220;a rather passive role which has harmed society&#8221; &amp; added that &#8220;no one should be surprised, therefore, that disagreements would present themselves&#8221;. At the same time he admitted to be &#8220;working&#8221; so that &#8220;in 2019 there will be a Radical party President&#8221;.<\/p>\n<p style=\"text-align: justify;\">Photo above from the <strong>T\u00e9lam<\/strong> news agency.<\/p>\n","protected":false},"excerpt":{"rendered":"<p>Sadly, two posts in a row deal with damage &amp; destruction inside Recoleta Cemetery. The tomb of former President Ra\u00fal Alfons\u00edn was spray painted on&#8230;<\/p>\n<div class=\"more-link-wrapper\"><a class=\"more-link\" href=\"https:\/\/recoletacemetery.com\/?p=4841\">Continue reading<span class=\"screen-reader-text\">526. alfons\u00edn vandalism<\/span><\/a><\/div>\n","protected":false},"author":2,"featured_media":0,"comment_status":"open","ping_status":"open","sticky":false,"template":"","format":"standard","meta":{"footnotes":""},"categories":[11,15,16],"tags":[],"class_list":["post-4841","post","type-post","status-publish","format-standard","hentry","category-in-the-press","category-politicians","category-presidents","entry"],"_links":{"self":[{"href":"https:\/\/recoletacemetery.com\/index.php?rest_route=\/wp\/v2\/posts\/4841","targetHints":{"allow":["GET"]}}],"collection":[{"href":"https:\/\/recoletacemetery.com\/index.php?rest_route=\/wp\/v2\/posts"}],"about":[{"href":"https:\/\/recoletacemetery.com\/index.php?rest_route=\/wp\/v2\/types\/post"}],"author":[{"embeddable":true,"href":"https:\/\/recoletacemetery.com\/index.php?rest_route=\/wp\/v2\/users\/2"}],"replies":[{"embeddable":true,"href":"https:\/\/recoletacemetery.com\/index.php?rest_route=%2Fwp%2Fv2%2Fcomments&post=4841"}],"version-history":[{"count":2,"href":"https:\/\/recoletacemetery.com\/index.php?rest_route=\/wp\/v2\/posts\/4841\/revisions"}],"predecessor-version":[{"id":6415,"href":"https:\/\/recoletacemetery.com\/index.php?rest_route=\/wp\/v2\/posts\/4841\/revisions\/6415"}],"wp:attachment":[{"href":"https:\/\/recoletacemetery.com\/index.php?rest_route=%2Fwp%2Fv2%2Fmedia&parent=4841"}],"wp:term":[{"taxonomy":"category","embeddable":true,"href":"https:\/\/recoletacemetery.com\/index.php?rest_route=%2Fwp%2Fv2%2Fcategories&post=4841"},{"taxonomy":"post_tag","embeddable":true,"href":"https:\/\/recoletacemetery.com\/index.php?rest_route=%2Fwp%2Fv2%2Ftags&post=4841"}],"curies":[{"name":"wp","href":"https:\/\/api.w.org\/{rel}","templated":true}]}}