{"id":46,"date":"2007-11-19T14:32:16","date_gmt":"2007-11-19T17:32:16","guid":{"rendered":"http:\/\/www.recoletacemetery.com\/?p=46"},"modified":"2022-12-07T19:30:00","modified_gmt":"2022-12-07T18:30:00","slug":"eduardo-lonardi","status":"publish","type":"post","link":"https:\/\/recoletacemetery.com\/?p=46","title":{"rendered":"038. teniente general eduardo lonardi"},"content":{"rendered":"<div class=\"wp-block-image\">\n<figure class=\"aligncenter\"><img decoding=\"async\" src=\"http:\/\/www.recoletacemetery.com\/images\/200710J13.jpg\" alt=\"Eduardo Lonardi, Recoleta Cemetery\" title=\"Eduardo Lonardi, Recoleta Cemetery\"\/><\/figure>\n<\/div>\n\n\n<p>Eduardo Lonardi briefly served as <em>de facto<\/em> President of Argentina after leading a military coup which forced Per\u00f3n to flee the country. Dubbed the Liberating Revolution, the military\u2019s reaction to Peronism would influence politics well into the 21st century.<\/p>\n\n\n\n<p>The year was 1955, &amp; Per\u00f3n had been in power for almost a decade. His policies &amp; political style had generated controversy among Argentines for several years, but those differences were heightened after the death of Eva Per\u00f3n in 1952. Lacking the charisma of Eva &amp; eventually seeing the results of bad economic decisions, Peronism lost its early strength &amp; the military attempted a coup in June 1955. The daytime bombing of Plaza de Mayo &amp; the Casa Rosada resulted in 364 deaths &amp; over 800 casualties\u2026 but Per\u00f3n was not one of them. He managed to escape unharmed.<\/p>\n\n\n\n<p>A few months later in Sept 1955, Lonardi successfully attempted another coup in the city of C\u00f3rdoba which spread through the rest of the nation. Per\u00f3n resigned from the presidency &amp; Paraguay granted him safe passage to Asunci\u00f3n. Lonardi was proclaimed President, but his term was to be short\u2026 only 50 days. Realizing the seriousness of ousting a populist leader like Per\u00f3n, Lonardi thought a lenient attitude to Per\u00f3n supporters was wise. This conciliatory stance was the origin of his most famous quote, \u201cNeither victors nor vanquished.\u201d In other words, the military should not be seen as victorious over the Peronists, nor should the Peronists consider themselves vanquished.<\/p>\n\n\n<div class=\"wp-block-image\">\n<figure class=\"aligncenter\"><img decoding=\"async\" src=\"http:\/\/www.recoletacemetery.com\/images\/200710J19.jpg\" alt=\"Eduardo Lonardi, Recoleta Cemetery\" title=\"Eduardo Lonardi, Recoleta Cemetery\"\/><\/figure>\n<\/div>\n\n\n<p>Unfortunately Lonardi\u2019s Vice-President didn\u2019t agree. Wanting to try over 300 Peronistas for treason, Lonardi was forced by fellow members of the armed forces to step down. Pedro Aramburu took Lonardi\u2019s place &amp; remained <em>de facto<\/em> President of Argentina until elections were held in 1958. Lonardi died 4 months after leaving office, the result of cancer which many say encouraged him to lead the uprising against Per\u00f3n. If he had failed, he only had a few months to live anyway.<\/p>\n\n\n\n<p>An Art Deco sculpture from 1928 signed by local artist Luis Carlos Rovatti draws a lot of attention. Depicting a fallen soldier with a sword in his left hand, a cloaked woman helps support him as well as his eternal flame. Provocative enough to get carried away with lots of photos.<\/p>\n\n\n<div class=\"wp-block-image\">\n<figure class=\"aligncenter\"><img decoding=\"async\" src=\"http:\/\/www.recoletacemetery.com\/images\/200710J16.jpg\" alt=\"Eduardo Lonardi, Recoleta Cemetery\" title=\"Eduardo Lonardi, Recoleta Cemetery\"\/><\/figure>\n<\/div>\n\n\n<div style=\"height:25px\" aria-hidden=\"true\" class=\"wp-block-spacer\"><\/div>\n\n\n<div class=\"wp-block-image\">\n<figure class=\"aligncenter\"><img decoding=\"async\" src=\"http:\/\/www.recoletacemetery.com\/images\/200711F14.jpg\" alt=\"Eduardo Lonardi, Recoleta Cemetery\" title=\"Eduardo Lonardi, Recoleta Cemetery\"\/><\/figure>\n<\/div>\n\n\n<div style=\"height:25px\" aria-hidden=\"true\" class=\"wp-block-spacer\"><\/div>\n\n\n<div class=\"wp-block-image\">\n<figure class=\"aligncenter\"><img decoding=\"async\" src=\"http:\/\/www.recoletacemetery.com\/images\/200711F11.jpg\" alt=\"Eduardo Lonardi, Recoleta Cemetery\" title=\"Eduardo Lonardi, Recoleta Cemetery\"\/><\/figure>\n<\/div>\n\n\n<p>Numerous plaques pay tribute to Lonardi\u2019s role in the <em>Revoluci\u00f3n Libertadora<\/em>.<\/p>\n\n\n<div class=\"wp-block-image\">\n<figure class=\"aligncenter\"><img decoding=\"async\" src=\"http:\/\/www.recoletacemetery.com\/images\/200710J17.jpg\" alt=\"Eduardo Lonardi, Recoleta Cemetery\" title=\"Eduardo Lonardi, Recoleta Cemetery\"\/><\/figure>\n<\/div>\n\n\n<div style=\"height:25px\" aria-hidden=\"true\" class=\"wp-block-spacer\"><\/div>\n\n\n<div class=\"wp-block-image\">\n<figure class=\"aligncenter\"><img decoding=\"async\" src=\"http:\/\/www.recoletacemetery.com\/images\/200710J20.jpg\" alt=\"Eduardo Lonardi, Recoleta Cemetery\" title=\"Eduardo Lonardi, Recoleta Cemetery\"\/><\/figure>\n<\/div>\n\n\n<p><strong>Update (30 Nov 2015):<\/strong> Thanks to newly available images on the <a href=\"http:\/\/imagenes.cedinci.org\/index.php\/informationobject\/browse?page=4&amp;names=23765&amp;repos=491&amp;limit=10&amp;sort=lastUpdated\">CeDInCI website<\/a> (Centro de Documentaci\u00f3n e Investigaci\u00f3n de la Cultura de Izquierdas), many images of Lonardi&#8217;s funeral and a 1964 tribute to the former <em>de facto<\/em> President are now available online. I&#8217;ve uploaded three here&#8230; follow the link above for more:<\/p>\n\n\n<div class=\"wp-block-image\">\n<figure class=\"aligncenter\"><img decoding=\"async\" src=\"https:\/\/recoletacemetery.com\/images\/lonardifuneral01.jpg\" alt=\"Eduardo Lonardi, funeral, CeDInCI\"\/><\/figure>\n<\/div>\n\n\n<div style=\"height:25px\" aria-hidden=\"true\" class=\"wp-block-spacer\"><\/div>\n\n\n<div class=\"wp-block-image\">\n<figure class=\"aligncenter\"><img decoding=\"async\" src=\"https:\/\/recoletacemetery.com\/images\/lonardifuneral02.jpg\" alt=\"Eduardo Lonardi, homenaje, tribute, CeDInCI\"\/><\/figure>\n<\/div>\n\n\n<div style=\"height:25px\" aria-hidden=\"true\" class=\"wp-block-spacer\"><\/div>\n\n\n<div class=\"wp-block-image\">\n<figure class=\"aligncenter\"><img decoding=\"async\" src=\"https:\/\/recoletacemetery.com\/images\/lonardifuneral03.jpg\" alt=\"Eduardo Lonardi, homenaje, tribute, CeDInCI\"\/><\/figure>\n<\/div>\n\n\n<p><strong>Update (Jan 2021):<\/strong> We&#8217;ve finally obtained an earlier photo of this mausoleum, which originally belonged to Brigadier General <a href=\"https:\/\/recoletacemetery.com\/?page_id=164\">Jos\u00e9 Mar\u00eda Paz<\/a>. In 1956, his remains were transferred to the C\u00f3rdoba cathedral. Lonardi died that same year, so in effect this mausoleum passed from one military leader to another.<\/p>\n\n\n<div class=\"wp-block-image\">\n<figure class=\"aligncenter size-large\"><img decoding=\"async\" src=\"https:\/\/recoletacemetery.com\/images\/HansMann02.jpg\" alt=\"Hans Mann, Brigadier General Jos\u00e9 Mar\u00eda Paz, Eduardo Lonardi\"\/><figcaption class=\"wp-element-caption\">Photo found in &#8220;<em>Sepulcros Hist\u00f3ricos Nacionales<\/em>&#8221; by Oscar Andr\u00e9s De Masi, <a href=\"https:\/\/recoletacemetery.com\/?p=6242\">discussed in this post<\/a>.<\/figcaption><\/figure>\n<\/div>","protected":false},"excerpt":{"rendered":"<p>Eduardo Lonardi briefly served as de facto President of Argentina after leading a military coup which forced Per\u00f3n to flee the country. Dubbed the Liberating&#8230;<\/p>\n<div class=\"more-link-wrapper\"><a class=\"more-link\" href=\"https:\/\/recoletacemetery.com\/?p=46\">Continue reading<span class=\"screen-reader-text\">038. teniente general eduardo lonardi<\/span><\/a><\/div>\n","protected":false},"author":2,"featured_media":0,"comment_status":"open","ping_status":"open","sticky":false,"template":"","format":"standard","meta":{"footnotes":""},"categories":[13,16],"tags":[],"class_list":["post-46","post","type-post","status-publish","format-standard","hentry","category-military","category-presidents","entry"],"_links":{"self":[{"href":"https:\/\/recoletacemetery.com\/index.php?rest_route=\/wp\/v2\/posts\/46","targetHints":{"allow":["GET"]}}],"collection":[{"href":"https:\/\/recoletacemetery.com\/index.php?rest_route=\/wp\/v2\/posts"}],"about":[{"href":"https:\/\/recoletacemetery.com\/index.php?rest_route=\/wp\/v2\/types\/post"}],"author":[{"embeddable":true,"href":"https:\/\/recoletacemetery.com\/index.php?rest_route=\/wp\/v2\/users\/2"}],"replies":[{"embeddable":true,"href":"https:\/\/recoletacemetery.com\/index.php?rest_route=%2Fwp%2Fv2%2Fcomments&post=46"}],"version-history":[{"count":2,"href":"https:\/\/recoletacemetery.com\/index.php?rest_route=\/wp\/v2\/posts\/46\/revisions"}],"predecessor-version":[{"id":7008,"href":"https:\/\/recoletacemetery.com\/index.php?rest_route=\/wp\/v2\/posts\/46\/revisions\/7008"}],"wp:attachment":[{"href":"https:\/\/recoletacemetery.com\/index.php?rest_route=%2Fwp%2Fv2%2Fmedia&parent=46"}],"wp:term":[{"taxonomy":"category","embeddable":true,"href":"https:\/\/recoletacemetery.com\/index.php?rest_route=%2Fwp%2Fv2%2Fcategories&post=46"},{"taxonomy":"post_tag","embeddable":true,"href":"https:\/\/recoletacemetery.com\/index.php?rest_route=%2Fwp%2Fv2%2Ftags&post=46"}],"curies":[{"name":"wp","href":"https:\/\/api.w.org\/{rel}","templated":true}]}}