{"id":3546,"date":"2012-05-27T10:00:20","date_gmt":"2012-05-27T13:00:20","guid":{"rendered":"http:\/\/www.recoletacemetery.com\/?p=3546"},"modified":"2012-05-27T10:00:20","modified_gmt":"2012-05-27T13:00:20","slug":"468-jose-maria-garcia-mansilla","status":"publish","type":"post","link":"https:\/\/recoletacemetery.com\/?p=3546","title":{"rendered":"469. manuel jos\u00e9 garc\u00eda-mansilla"},"content":{"rendered":"<p style=\"text-align: center;\"><img loading=\"lazy\" decoding=\"async\" class=\"aligncenter\" title=\"Recoleta Cemetery, Buenos Aires, Jos\u00e9 Mar\u00eda Garc\u00eda-Mansilla\" src=\"https:\/\/recoletacemetery.com\/images\/200612E47.jpg\" alt=\"Recoleta Cemetery, Buenos Aires, Jos\u00e9 Mar\u00eda Garc\u00eda-Mansilla\" width=\"450\" height=\"338\" \/><\/p>\n<p style=\"text-align: justify;\">Tucked into the crowded, central section of the cemetery, the tomb of <strong>Rear Admiral Manuel Jos\u00e9 Garc\u00eda-Mansilla<\/strong> is difficult to find&#8230; in spite of the impressive statue &amp; many plaques.<\/p>\n<p style=\"text-align: justify;\">Born in Buenos Aires in 1859, Manuel Jos\u00e9 seemed destined for greatness from birth. His mother, Eduarda, was one of the first women writers in Argentina &amp; sister of <a href=\"http:\/\/www.recoletacemetery.com\/?p=1713\">Lucio Victorio Mansilla<\/a>. His father was an original member of the Foreign Service who took Manuel Jos\u00e9 to the United States at a very young age, later finishing his education in France.<\/p>\n<p style=\"text-align: center;\"><img loading=\"lazy\" decoding=\"async\" class=\"aligncenter\" title=\"Recoleta Cemetery, Buenos Aires, Jos\u00e9 Mar\u00eda Garc\u00eda-Mansilla\" src=\"https:\/\/recoletacemetery.com\/images\/200807D40.jpg\" alt=\"Recoleta Cemetery, Buenos Aires, Jos\u00e9 Mar\u00eda Garc\u00eda-Mansilla\" width=\"300\" height=\"450\" \/><\/p>\n<p style=\"text-align: justify;\">Garc\u00eda-Mansilla showed an early aptitude for all things naval, likely influenced by his father&#8217;s work in purchasing vessels for the Argentine Navy. He decided to remain in France for military training\u2014common in those days since Argentina had yet to found its own naval academy. While in the Red Sea, Garc\u00eda-Mansilla heard a &#8220;man overboard!!&#8221; cry &amp; immediately dived into the water to the rescue. Decorated as a <em>Chevalier<\/em> in the Legion of Honor for his actions, he wrote a letter to his mother regretting the fact that her gift\u2014a watch\u2014had been ruined in the rescue attempt. But in return, he saved a life &amp; earned the respect of the French.<\/p>\n<p style=\"text-align: justify;\">As he ascended in the military, Garc\u00eda-Mansilla helped modernize the Argentine fleet. He became an expert in torpedoes &amp; coastal defense, even making adjustments to British designs. He also drew on his vast experience to standardize the Navy&#8230; implementing much needed regulations &amp; adopting a common uniform.<\/p>\n<p style=\"text-align: center;\"><img loading=\"lazy\" decoding=\"async\" class=\"aligncenter\" title=\"Recoleta Cemetery, Buenos Aires, Jos\u00e9 Mar\u00eda Garc\u00eda-Mansilla\" src=\"https:\/\/recoletacemetery.com\/images\/200801C16.jpg\" alt=\"Recoleta Cemetery, Buenos Aires, Jos\u00e9 Mar\u00eda Garc\u00eda-Mansilla\" width=\"300\" height=\"450\" \/><\/p>\n<p style=\"text-align: justify;\">Later in life, Garc\u00eda-Mansilla became one of the most pretigious directors of Argentina&#8217;s own Naval Academy. But his most visible legacy in Buenos Aires was founding the <strong>Centro Naval<\/strong> in 1882. Elected as its first president, Garc\u00eda-Mansilla believed that the camaraderie formed by social ties in the Navy were fundamental to its success as an institution.<\/p>\n<p style=\"text-align: center;\"><img loading=\"lazy\" decoding=\"async\" class=\"aligncenter\" title=\"Recoleta Cemetery, Buenos Aires, Jos\u00e9 Mar\u00eda Garc\u00eda-Mansilla\" src=\"https:\/\/recoletacemetery.com\/images\/200801C15.jpg\" alt=\"Recoleta Cemetery, Buenos Aires, Jos\u00e9 Mar\u00eda Garc\u00eda-Mansilla\" width=\"450\" height=\"300\" \/><\/p>\n<p style=\"text-align: justify;\">The\u00a0<a href=\"http:\/\/www.centronaval.org.ar\/club\/historia.html\">Centro Naval<\/a> changed location several times before finding its permanent home at the intersection of Avenida C\u00f3rdoba &amp; Florida in 1914. French architect <strong>Gast\u00f3n Mallet<\/strong> designed a fantastic ballroom, dining facilities &amp; a library for research &amp; investigation. If you aren&#8217;t one of the 11,000 members (!) with access to the facilities, be sure to take a guided tour:<\/p>\n<p style=\"text-align: center;\"><img loading=\"lazy\" decoding=\"async\" class=\"aligncenter\" title=\"Centro Naval, Buenos Aires\" src=\"https:\/\/recoletacemetery.com\/images\/200312A21.jpg\" alt=\"Centro Naval, Buenos Aires\" width=\"450\" height=\"338\" \/><\/p>\n<p style=\"text-align: center;\"><img loading=\"lazy\" decoding=\"async\" class=\"aligncenter\" title=\"Centro Naval, Buenos Aires\" src=\"https:\/\/recoletacemetery.com\/images\/200312A25.jpg\" alt=\"Centro Naval, Buenos Aires\" width=\"450\" height=\"338\" \/><\/p>\n<p style=\"text-align: center;\"><img loading=\"lazy\" decoding=\"async\" class=\"aligncenter\" title=\"Centro Naval, Buenos Aires\" src=\"https:\/\/recoletacemetery.com\/images\/200312A26.jpg\" alt=\"Centro Naval, Buenos Aires\" width=\"450\" height=\"338\" \/><\/p>\n<p style=\"text-align: justify;\">After participating in the May 1910 centennial festivities, Garc\u00eda-Mansilla passed away on August 18th. As a tribute, the Naval Academy performs a service in Recoleta Cemetery every year on the anniversary of his death&#8230; I&#8217;ll try to get photos to post here in a couple months. And since 1946, family descendants give the cadet with the most exemplary record a watch in commemoration of Garc\u00eda-Mansilla&#8217;s dedication.<\/p>\n<p class=\"alert\" style=\"text-align: justify;\">Complete biography can be <a href=\"http:\/\/www.centronaval.org.ar\/boletin\/BCN827\/827-BERGALLO.pdf\">found here<\/a> (in Spanish). The statue is signed <strong>J. Lovatalli, Roma 1913<\/strong> but no data about the sculptor could be found online. Any info would be appreciated!<\/p>\n","protected":false},"excerpt":{"rendered":"<p>Tucked into the crowded, central section of the cemetery, the tomb of Rear Admiral Manuel Jos\u00e9 Garc\u00eda-Mansilla is difficult to find&#8230; in spite of the&#8230;<\/p>\n<div class=\"more-link-wrapper\"><a class=\"more-link\" href=\"https:\/\/recoletacemetery.com\/?p=3546\">Continue reading<span class=\"screen-reader-text\">469. manuel jos\u00e9 garc\u00eda-mansilla<\/span><\/a><\/div>\n","protected":false},"author":2,"featured_media":0,"comment_status":"open","ping_status":"open","sticky":false,"template":"","format":"standard","meta":{"footnotes":""},"categories":[13],"tags":[],"class_list":["post-3546","post","type-post","status-publish","format-standard","hentry","category-military","entry"],"_links":{"self":[{"href":"https:\/\/recoletacemetery.com\/index.php?rest_route=\/wp\/v2\/posts\/3546","targetHints":{"allow":["GET"]}}],"collection":[{"href":"https:\/\/recoletacemetery.com\/index.php?rest_route=\/wp\/v2\/posts"}],"about":[{"href":"https:\/\/recoletacemetery.com\/index.php?rest_route=\/wp\/v2\/types\/post"}],"author":[{"embeddable":true,"href":"https:\/\/recoletacemetery.com\/index.php?rest_route=\/wp\/v2\/users\/2"}],"replies":[{"embeddable":true,"href":"https:\/\/recoletacemetery.com\/index.php?rest_route=%2Fwp%2Fv2%2Fcomments&post=3546"}],"version-history":[{"count":1,"href":"https:\/\/recoletacemetery.com\/index.php?rest_route=\/wp\/v2\/posts\/3546\/revisions"}],"predecessor-version":[{"id":6900,"href":"https:\/\/recoletacemetery.com\/index.php?rest_route=\/wp\/v2\/posts\/3546\/revisions\/6900"}],"wp:attachment":[{"href":"https:\/\/recoletacemetery.com\/index.php?rest_route=%2Fwp%2Fv2%2Fmedia&parent=3546"}],"wp:term":[{"taxonomy":"category","embeddable":true,"href":"https:\/\/recoletacemetery.com\/index.php?rest_route=%2Fwp%2Fv2%2Fcategories&post=3546"},{"taxonomy":"post_tag","embeddable":true,"href":"https:\/\/recoletacemetery.com\/index.php?rest_route=%2Fwp%2Fv2%2Ftags&post=3546"}],"curies":[{"name":"wp","href":"https:\/\/api.w.org\/{rel}","templated":true}]}}